{"id":5084,"date":"2022-12-12T11:58:44","date_gmt":"2022-12-12T10:58:44","guid":{"rendered":"https:\/\/wibi-workwear.com\/?p=5084"},"modified":"2024-02-08T14:21:33","modified_gmt":"2024-02-08T13:21:33","slug":"eco-friendly-bags-for-your-fruits-and-vegetables-what-are-the-solutions","status":"publish","type":"post","link":"https:\/\/wasteless-group.com\/de\/eco-friendly-bags-for-your-fruits-and-vegetables-what-are-the-solutions\/","title":{"rendered":"\u00d6ko-verantwortungslose Taschen f\u00fcr Ihr Obst und Gem\u00fcse: Was sind die L\u00f6sungen?"},"content":{"rendered":"\t\t<div data-elementor-type=\"wp-post\" data-elementor-id=\"5084\" class=\"elementor elementor-5084\">\n\t\t\t\t\t\t<section class=\"elementor-section elementor-top-section elementor-element elementor-element-b196f3b elementor-section-boxed elementor-section-height-default elementor-section-height-default\" data-id=\"b196f3b\" data-element_type=\"section\">\n\t\t\t\t\t\t<div class=\"elementor-container elementor-column-gap-default\">\n\t\t\t\t\t<div class=\"elementor-column elementor-col-100 elementor-top-column elementor-element elementor-element-2cf4952\" data-id=\"2cf4952\" data-element_type=\"column\">\n\t\t\t<div class=\"elementor-widget-wrap elementor-element-populated\">\n\t\t\t\t\t\t<div class=\"elementor-element elementor-element-f836921 elementor-widget elementor-widget-image\" data-id=\"f836921\" data-element_type=\"widget\" data-widget_type=\"image.default\">\n\t\t\t\t<div class=\"elementor-widget-container\">\n\t\t\t\t\t\t\t\t\t\t\t\t\t\t\t<img fetchpriority=\"high\" decoding=\"async\" width=\"300\" height=\"292\" src=\"https:\/\/wasteless-group.com\/wp-content\/smush-avif\/2022\/12\/sachets-legumes-rogne-300x292.png.avif\" class=\"attachment-medium size-medium wp-image-4682\" alt=\"\" srcset=\"https:\/\/wasteless-group.com\/wp-content\/smush-avif\/2022\/12\/sachets-legumes-rogne-300x292.png.avif 300w, https:\/\/wasteless-group.com\/wp-content\/smush-avif\/2022\/12\/sachets-legumes-rogne.png.avif 554w\" sizes=\"(max-width: 300px) 100vw, 300px\" \/>\t\t\t\t\t\t\t\t\t\t\t\t\t\t\t<\/div>\n\t\t\t\t<\/div>\n\t\t\t\t<div class=\"elementor-element elementor-element-72fd03c elementor-widget elementor-widget-spacer\" data-id=\"72fd03c\" data-element_type=\"widget\" data-widget_type=\"spacer.default\">\n\t\t\t\t<div class=\"elementor-widget-container\">\n\t\t\t\t\t\t\t<div class=\"elementor-spacer\">\n\t\t\t<div class=\"elementor-spacer-inner\"><\/div>\n\t\t<\/div>\n\t\t\t\t\t\t<\/div>\n\t\t\t\t<\/div>\n\t\t\t\t<div class=\"elementor-element elementor-element-365a0b3 elementor-widget elementor-widget-text-editor\" data-id=\"365a0b3\" data-element_type=\"widget\" data-widget_type=\"text-editor.default\">\n\t\t\t\t<div class=\"elementor-widget-container\">\n\t\t\t\t\t\t\t\t\t<p><strong>Ziel: Zero Dispositable Plastic von 2040<\/strong>, ein ehrgeiziges Projekt! Frankreich wird aktiviert, indem ein Plastikprodukt f\u00fcr einzelne Use nach und nach verboten wird. Seit 1<sup>\u00e4hm<\/sup>\u00a0Januar 2022 ist es insbesondere das Obst und Gem\u00fcse von weniger als 1,5 kg, das nicht mehr von Einwegkunststoffen \u00fcberholt ist. Es entwickeln sich also andere gr\u00fcnere Alternativen. Lassen Sie uns sie entdecken!<\/p>\t\t\t\t\t\t\t\t<\/div>\n\t\t\t\t<\/div>\n\t\t\t\t\t<\/div>\n\t\t<\/div>\n\t\t\t\t\t<\/div>\n\t\t<\/section>\n\t\t\t\t<section class=\"elementor-section elementor-top-section elementor-element elementor-element-9b5406c elementor-section-boxed elementor-section-height-default elementor-section-height-default\" data-id=\"9b5406c\" data-element_type=\"section\">\n\t\t\t\t\t\t<div class=\"elementor-container elementor-column-gap-default\">\n\t\t\t\t\t<div class=\"elementor-column elementor-col-100 elementor-top-column elementor-element elementor-element-df45ee6\" data-id=\"df45ee6\" data-element_type=\"column\">\n\t\t\t<div class=\"elementor-widget-wrap elementor-element-populated\">\n\t\t\t\t\t\t<div class=\"elementor-element elementor-element-f1e5d9b elementor-widget elementor-widget-heading\" data-id=\"f1e5d9b\" data-element_type=\"widget\" data-widget_type=\"heading.default\">\n\t\t\t\t<div class=\"elementor-widget-container\">\n\t\t\t\t\t<h2 class=\"elementor-heading-title elementor-size-default\">PBAT und PLA: Die Option f\u00fcr eine kompostierbare Tasche<\/h2>\t\t\t\t<\/div>\n\t\t\t\t<\/div>\n\t\t\t\t<div class=\"elementor-element elementor-element-7822067 elementor-widget elementor-widget-text-editor\" data-id=\"7822067\" data-element_type=\"widget\" data-widget_type=\"text-editor.default\">\n\t\t\t\t<div class=\"elementor-widget-container\">\n\t\t\t\t\t\t\t\t\t<p>Wussten Sie, dass es gibt\u00a0<strong>Kompostierbare Taschen<\/strong>\u00a0? Dies ist der Fall bei\u00a0<strong>Taschen f\u00fcr Obst und Gem\u00fcse<\/strong>\u00a0Das finden Sie in Gesch\u00e4ften. Sie k\u00f6nnen sie in Ihrem Kompost nach der Verwendung tats\u00e4chlich in Ihrem Kompost einzahlen, w\u00e4hrend Sie offensichtlich die Kompostierungsbedingungen respektieren (siehe unserem vorherigen Artikel).<\/p><p>F\u00fcr Ihr Obst und Gem\u00fcse bieten wir Taschen an\u00a0<strong>PBAT und PLA (Maisst\u00e4rke) zu 100% kompostierbar zu Hause<\/strong>! Obwohl Sie sie wiederverwenden k\u00f6nnen, dienen diese Taschen im Allgemeinen f\u00fcr den einzelnen Gebrauch. Sie k\u00f6nnen sie daher direkt in Ihrem heimischen Komposter hinterlegen.<\/p><p>Wir k\u00f6nnen Ihre PBAT -Taschen und -Pl\u00e4ne aus ein paar Teilen personalisieren, auch wenn die Personalisierung dieser Art von Produkt nicht sehr allgemein ist.<\/p>\t\t\t\t\t\t\t\t<\/div>\n\t\t\t\t<\/div>\n\t\t\t\t\t<\/div>\n\t\t<\/div>\n\t\t\t\t\t<\/div>\n\t\t<\/section>\n\t\t\t\t<section class=\"elementor-section elementor-top-section elementor-element elementor-element-9652ab6 elementor-section-boxed elementor-section-height-default elementor-section-height-default\" data-id=\"9652ab6\" data-element_type=\"section\">\n\t\t\t\t\t\t<div class=\"elementor-container elementor-column-gap-default\">\n\t\t\t\t\t<div class=\"elementor-column elementor-col-100 elementor-top-column elementor-element elementor-element-1e46381\" data-id=\"1e46381\" data-element_type=\"column\">\n\t\t\t<div class=\"elementor-widget-wrap elementor-element-populated\">\n\t\t\t\t\t\t<div class=\"elementor-element elementor-element-f356daf elementor-widget elementor-widget-heading\" data-id=\"f356daf\" data-element_type=\"widget\" data-widget_type=\"heading.default\">\n\t\t\t\t<div class=\"elementor-widget-container\">\n\t\t\t\t\t<h2 class=\"elementor-heading-title elementor-size-default\">Die Kraft -Tasche<\/h2>\t\t\t\t<\/div>\n\t\t\t\t<\/div>\n\t\t\t\t<div class=\"elementor-element elementor-element-eafe200 elementor-widget elementor-widget-text-editor\" data-id=\"eafe200\" data-element_type=\"widget\" data-widget_type=\"text-editor.default\">\n\t\t\t\t<div class=\"elementor-widget-container\">\n\t\t\t\t\t\t\t\t\t<p>Das\u00a0<strong>Krafttaschen<\/strong>\u00a0bleiben die<strong>Die \u00f6kologischste Option<\/strong>\u00a0Um Ihr Obst und Gem\u00fcse zu packen. Diese letzten sind\u00a0<strong>wiederverwendbar\u00a0<\/strong>Bis zu 10 Mal! Und das ist nicht alles \u2026<\/p><p>Unsere Kraftsbeutel stammen aus \u00f6ko-entworfenen aus\u00a0<strong>Klassisches FSC -Material oder Mix (recycelt)<\/strong>. Sie k\u00f6nnen auch sein\u00a0<strong>recycelt<\/strong>\u00a0Bis zu 7 Mal oder\u00a0<strong>kompostiert<\/strong>\u00a0!<\/p><p><strong>Wir k\u00f6nnen Ihre Taschen leicht in Kraft anpassen<\/strong>\u00a0mit Wasser -l\u00f6slichen Tinten. Hier ist ein gro\u00dfartiger\u00a0<strong>\u00d6ko-verantwortungslose L\u00f6sung<\/strong>, Was denkst du ?<\/p>\t\t\t\t\t\t\t\t<\/div>\n\t\t\t\t<\/div>\n\t\t\t\t\t<\/div>\n\t\t<\/div>\n\t\t\t\t\t<\/div>\n\t\t<\/section>\n\t\t\t\t<section class=\"elementor-section elementor-top-section elementor-element elementor-element-780a0ba elementor-section-boxed elementor-section-height-default elementor-section-height-default\" data-id=\"780a0ba\" data-element_type=\"section\">\n\t\t\t\t\t\t<div class=\"elementor-container elementor-column-gap-default\">\n\t\t\t\t\t<div class=\"elementor-column elementor-col-100 elementor-top-column elementor-element elementor-element-5c2d9fa\" data-id=\"5c2d9fa\" data-element_type=\"column\">\n\t\t\t<div class=\"elementor-widget-wrap elementor-element-populated\">\n\t\t\t\t\t\t<div class=\"elementor-element elementor-element-97d8196 elementor-widget elementor-widget-heading\" data-id=\"97d8196\" data-element_type=\"widget\" data-widget_type=\"heading.default\">\n\t\t\t\t<div class=\"elementor-widget-container\">\n\t\t\t\t\t<h2 class=\"elementor-heading-title elementor-size-default\">Die Wattebeutel<\/h2>\t\t\t\t<\/div>\n\t\t\t\t<\/div>\n\t\t\t\t<div class=\"elementor-element elementor-element-999296a elementor-widget elementor-widget-text-editor\" data-id=\"999296a\" data-element_type=\"widget\" data-widget_type=\"text-editor.default\">\n\t\t\t\t<div class=\"elementor-widget-container\">\n\t\t\t\t\t\t\t\t\t<p>Letzte L\u00f6sung, um Ihr Obst und Gem\u00fcse zu packen: Unsere\u00a0<strong>Biosourced Baumwolle und zertifizierbare Handtaschen<\/strong>!\u00a0<strong>Biologisch abbaubar<\/strong>\u00a0und\u00a0<strong>recycelbar<\/strong>wir k\u00f6nnen leicht\u00a0<strong>Passen Sie in Ihrem Bild an<\/strong>.<\/p><p>Bevorzugen Sie die Netze? Oder festgezogene Stiche? Alles ist erreichbar!<\/p><p>Wir unterst\u00fctzen Sie, um Ihre zu produzieren\u00a0<strong>benutzerdefinierte Baumwollbeutel<\/strong>. Wir k\u00f6nnen unsere Standardbeutel auch in Ihrem Bild anpassen\u00a0<strong>Frankreich<\/strong>, das aus ein paar St\u00fccken!<\/p>\t\t\t\t\t\t\t\t<\/div>\n\t\t\t\t<\/div>\n\t\t\t\t<div class=\"elementor-element elementor-element-df2dd63 elementor-widget elementor-widget-spacer\" data-id=\"df2dd63\" data-element_type=\"widget\" data-widget_type=\"spacer.default\">\n\t\t\t\t<div class=\"elementor-widget-container\">\n\t\t\t\t\t\t\t<div class=\"elementor-spacer\">\n\t\t\t<div class=\"elementor-spacer-inner\"><\/div>\n\t\t<\/div>\n\t\t\t\t\t\t<\/div>\n\t\t\t\t<\/div>\n\t\t\t\t<div class=\"elementor-element elementor-element-6df0e13 elementor-widget elementor-widget-text-editor\" data-id=\"6df0e13\" data-element_type=\"widget\" data-widget_type=\"text-editor.default\">\n\t\t\t\t<div class=\"elementor-widget-container\">\n\t\t\t\t\t\t\t\t\t<p>Wir bieten verschiedene umweltverantwortliche Wissensl\u00f6sungen f\u00fcr Ihr Obst und Gem\u00fcse an. Pbat- und PLA -Taschen? Oder eher Kraft oder Baumwolle? Wir laden Sie ein, uns von Ihren Bed\u00fcrfnissen zu erz\u00e4hlen, um zusammen die am besten geeigneten Produkte zu finden!<\/p><p><strong>Was k\u00f6nnte besser f\u00fcr Ihre Kommunikation besser sein?<\/strong><\/p><p>\u00a0<\/p><p><em>Quellen:<\/em><\/p><p><a title=\"Regierung\" href=\"https:\/\/www.economie.gouv.fr\/\" target=\"_blank\" rel=\"noopener noreferrer\" aria-describedby=\"a11y-new-window-message\"><em>https:\/\/www.economie.gouv.fr\/<\/em><\/a><\/p>\t\t\t\t\t\t\t\t<\/div>\n\t\t\t\t<\/div>\n\t\t\t\t\t<\/div>\n\t\t<\/div>\n\t\t\t\t\t<\/div>\n\t\t<\/section>\n\t\t\t\t<\/div>\n\t\t","protected":false},"excerpt":{"rendered":"<p>Ziel: Zero Dispositable Plastic von 2040, ein ehrgeiziges Projekt! Frankreich wird aktiviert, indem ein Plastikprodukt f\u00fcr einzelne Use nach und nach verboten wird. Seit 1\u00e4hm\u00a0Januar 2022 ist es insbesondere das Obst und Gem\u00fcse von weniger als 1,5 kg, das nicht mehr von Einwegkunststoffen \u00fcberholt ist. Es entwickeln sich also andere gr\u00fcnere Alternativen. Lassen Sie uns &hellip;<\/p>\n<p class=\"read-more\"> <a class=\"\" href=\"https:\/\/wasteless-group.com\/de\/eco-friendly-bags-for-your-fruits-and-vegetables-what-are-the-solutions\/\"> <span class=\"screen-reader-text\">\u00d6ko-verantwortungslose Taschen f\u00fcr Ihr Obst und Gem\u00fcse: Was sind die L\u00f6sungen?<\/span> Weiterlesen &raquo;<\/a><\/p>\n","protected":false},"author":1,"featured_media":0,"comment_status":"closed","ping_status":"closed","sticky":false,"template":"","format":"aside","meta":{"site-sidebar-layout":"default","site-content-layout":"","ast-site-content-layout":"","site-content-style":"default","site-sidebar-style":"default","ast-global-header-display":"","ast-banner-title-visibility":"","ast-main-header-display":"","ast-hfb-above-header-display":"","ast-hfb-below-header-display":"","ast-hfb-mobile-header-display":"","site-post-title":"","ast-breadcrumbs-content":"","ast-featured-img":"disabled","footer-sml-layout":"","theme-transparent-header-meta":"","adv-header-id-meta":"","stick-header-meta":"","header-above-stick-meta":"","header-main-stick-meta":"","header-below-stick-meta":"","astra-migrate-meta-layouts":"","footnotes":""},"categories":[42,43,20],"tags":[],"class_list":["post-5084","post","type-post","status-publish","format-aside","hentry","category-emballage-alimentaire-de","category-general-de","category-unkategorisiert","post_format-post-format-aside"],"yoast_head":"<!-- This site is optimized with the Yoast SEO plugin v26.6 - https:\/\/yoast.com\/wordpress\/plugins\/seo\/ -->\n<title>\u00d6ko-verantwortungslose Taschen f\u00fcr Ihr Obst und Gem\u00fcse: Was sind die L\u00f6sungen? - Wasteless Group, votre fabricant et fournisseur de produits sur mesure plus \u00e9cologiques<\/title>\n<meta name=\"robots\" content=\"index, follow, max-snippet:-1, max-image-preview:large, max-video-preview:-1\" \/>\n<link rel=\"canonical\" href=\"https:\/\/wasteless-group.com\/de\/eco-friendly-bags-for-your-fruits-and-vegetables-what-are-the-solutions\/\" \/>\n<meta property=\"og:locale\" content=\"de_DE\" \/>\n<meta property=\"og:type\" content=\"article\" \/>\n<meta property=\"og:title\" content=\"\u00d6ko-verantwortungslose Taschen f\u00fcr Ihr Obst und Gem\u00fcse: Was sind die L\u00f6sungen? - Wasteless Group, votre fabricant et fournisseur de produits sur mesure plus \u00e9cologiques\" \/>\n<meta property=\"og:description\" content=\"Ziel: Zero Dispositable Plastic von 2040, ein ehrgeiziges Projekt! Frankreich wird aktiviert, indem ein Plastikprodukt f\u00fcr einzelne Use nach und nach verboten wird. Seit 1\u00e4hm\u00a0Januar 2022 ist es insbesondere das Obst und Gem\u00fcse von weniger als 1,5 kg, das nicht mehr von Einwegkunststoffen \u00fcberholt ist. Es entwickeln sich also andere gr\u00fcnere Alternativen. Lassen Sie uns &hellip; \u00d6ko-verantwortungslose Taschen f\u00fcr Ihr Obst und Gem\u00fcse: Was sind die L\u00f6sungen? Weiterlesen &raquo;\" \/>\n<meta property=\"og:url\" content=\"https:\/\/wasteless-group.com\/de\/eco-friendly-bags-for-your-fruits-and-vegetables-what-are-the-solutions\/\" \/>\n<meta property=\"og:site_name\" content=\"Wasteless Group, votre fabricant et fournisseur de produits sur mesure plus \u00e9cologiques\" \/>\n<meta property=\"article:published_time\" content=\"2022-12-12T10:58:44+00:00\" \/>\n<meta property=\"article:modified_time\" content=\"2024-02-08T13:21:33+00:00\" \/>\n<meta property=\"og:image\" content=\"https:\/\/wibi-workwear.com\/wp-content\/uploads\/2022\/12\/sachets-legumes-rogne-300x292.png\" \/>\n<meta name=\"author\" content=\"Wasteless Group\" \/>\n<meta name=\"twitter:card\" content=\"summary_large_image\" \/>\n<meta name=\"twitter:label1\" content=\"Verfasst von\" \/>\n\t<meta name=\"twitter:data1\" content=\"Wasteless Group\" \/>\n\t<meta name=\"twitter:label2\" content=\"Gesch\u00e4tzte Lesezeit\" \/>\n\t<meta name=\"twitter:data2\" content=\"3 Minuten\" \/>\n<script type=\"application\/ld+json\" class=\"yoast-schema-graph\">{\"@context\":\"https:\/\/schema.org\",\"@graph\":[{\"@type\":\"Article\",\"@id\":\"https:\/\/wasteless-group.com\/de\/eco-friendly-bags-for-your-fruits-and-vegetables-what-are-the-solutions\/#article\",\"isPartOf\":{\"@id\":\"https:\/\/wasteless-group.com\/de\/eco-friendly-bags-for-your-fruits-and-vegetables-what-are-the-solutions\/\"},\"author\":{\"name\":\"Wasteless Group\",\"@id\":\"https:\/\/wasteless-group.com\/de\/#\/schema\/person\/d19f7fc6095aa15bb90a63964debcef0\"},\"headline\":\"\u00d6ko-verantwortungslose Taschen f\u00fcr Ihr Obst und Gem\u00fcse: Was sind die L\u00f6sungen?\",\"datePublished\":\"2022-12-12T10:58:44+00:00\",\"dateModified\":\"2024-02-08T13:21:33+00:00\",\"mainEntityOfPage\":{\"@id\":\"https:\/\/wasteless-group.com\/de\/eco-friendly-bags-for-your-fruits-and-vegetables-what-are-the-solutions\/\"},\"wordCount\":413,\"publisher\":{\"@id\":\"https:\/\/wasteless-group.com\/de\/#organization\"},\"image\":{\"@id\":\"https:\/\/wasteless-group.com\/de\/eco-friendly-bags-for-your-fruits-and-vegetables-what-are-the-solutions\/#primaryimage\"},\"thumbnailUrl\":\"https:\/\/wasteless-group.com\/wp-content\/uploads\/2022\/12\/sachets-legumes-rogne-300x292.png\",\"articleSection\":[\"Emballage alimentaire\",\"G\u00e9n\u00e9ral\",\"Unkategorisiert\"],\"inLanguage\":\"de-DE\"},{\"@type\":\"WebPage\",\"@id\":\"https:\/\/wasteless-group.com\/de\/eco-friendly-bags-for-your-fruits-and-vegetables-what-are-the-solutions\/\",\"url\":\"https:\/\/wasteless-group.com\/de\/eco-friendly-bags-for-your-fruits-and-vegetables-what-are-the-solutions\/\",\"name\":\"\u00d6ko-verantwortungslose Taschen f\u00fcr Ihr Obst und Gem\u00fcse: Was sind die L\u00f6sungen? - Wasteless Group, votre fabricant et fournisseur de produits sur mesure plus \u00e9cologiques\",\"isPartOf\":{\"@id\":\"https:\/\/wasteless-group.com\/de\/#website\"},\"primaryImageOfPage\":{\"@id\":\"https:\/\/wasteless-group.com\/de\/eco-friendly-bags-for-your-fruits-and-vegetables-what-are-the-solutions\/#primaryimage\"},\"image\":{\"@id\":\"https:\/\/wasteless-group.com\/de\/eco-friendly-bags-for-your-fruits-and-vegetables-what-are-the-solutions\/#primaryimage\"},\"thumbnailUrl\":\"https:\/\/wasteless-group.com\/wp-content\/uploads\/2022\/12\/sachets-legumes-rogne-300x292.png\",\"datePublished\":\"2022-12-12T10:58:44+00:00\",\"dateModified\":\"2024-02-08T13:21:33+00:00\",\"breadcrumb\":{\"@id\":\"https:\/\/wasteless-group.com\/de\/eco-friendly-bags-for-your-fruits-and-vegetables-what-are-the-solutions\/#breadcrumb\"},\"inLanguage\":\"de-DE\",\"potentialAction\":[{\"@type\":\"ReadAction\",\"target\":[\"https:\/\/wasteless-group.com\/de\/eco-friendly-bags-for-your-fruits-and-vegetables-what-are-the-solutions\/\"]}]},{\"@type\":\"ImageObject\",\"inLanguage\":\"de-DE\",\"@id\":\"https:\/\/wasteless-group.com\/de\/eco-friendly-bags-for-your-fruits-and-vegetables-what-are-the-solutions\/#primaryimage\",\"url\":\"https:\/\/wasteless-group.com\/wp-content\/uploads\/2022\/12\/sachets-legumes-rogne-300x292.png\",\"contentUrl\":\"https:\/\/wasteless-group.com\/wp-content\/uploads\/2022\/12\/sachets-legumes-rogne-300x292.png\"},{\"@type\":\"BreadcrumbList\",\"@id\":\"https:\/\/wasteless-group.com\/de\/eco-friendly-bags-for-your-fruits-and-vegetables-what-are-the-solutions\/#breadcrumb\",\"itemListElement\":[{\"@type\":\"ListItem\",\"position\":1,\"name\":\"Accueil\",\"item\":\"https:\/\/wasteless-group.com\/de\/\"},{\"@type\":\"ListItem\",\"position\":2,\"name\":\"\u00d6ko-verantwortungslose Taschen f\u00fcr Ihr Obst und Gem\u00fcse: Was sind die L\u00f6sungen?\"}]},{\"@type\":\"WebSite\",\"@id\":\"https:\/\/wasteless-group.com\/de\/#website\",\"url\":\"https:\/\/wasteless-group.com\/de\/\",\"name\":\"Wasteless Group\",\"description\":\"Wasteless Group, votre fabricant et fournisseur de produits sur mesure plus \u00e9cologiques\",\"publisher\":{\"@id\":\"https:\/\/wasteless-group.com\/de\/#organization\"},\"potentialAction\":[{\"@type\":\"SearchAction\",\"target\":{\"@type\":\"EntryPoint\",\"urlTemplate\":\"https:\/\/wasteless-group.com\/de\/?s={search_term_string}\"},\"query-input\":{\"@type\":\"PropertyValueSpecification\",\"valueRequired\":true,\"valueName\":\"search_term_string\"}}],\"inLanguage\":\"de-DE\"},{\"@type\":\"Organization\",\"@id\":\"https:\/\/wasteless-group.com\/de\/#organization\",\"name\":\"Wasteless Group\",\"url\":\"https:\/\/wasteless-group.com\/de\/\",\"logo\":{\"@type\":\"ImageObject\",\"inLanguage\":\"de-DE\",\"@id\":\"https:\/\/wasteless-group.com\/de\/#\/schema\/logo\/image\/\",\"url\":\"https:\/\/wasteless-group.com\/wp-content\/uploads\/2023\/07\/Logo-WG-Vert.png\",\"contentUrl\":\"https:\/\/wasteless-group.com\/wp-content\/uploads\/2023\/07\/Logo-WG-Vert.png\",\"width\":400,\"height\":138,\"caption\":\"Wasteless Group\"},\"image\":{\"@id\":\"https:\/\/wasteless-group.com\/de\/#\/schema\/logo\/image\/\"},\"sameAs\":[\"https:\/\/www.linkedin.com\/company\/wasteless-group\/\"]},{\"@type\":\"Person\",\"@id\":\"https:\/\/wasteless-group.com\/de\/#\/schema\/person\/d19f7fc6095aa15bb90a63964debcef0\",\"name\":\"Wasteless Group\",\"url\":\"https:\/\/wasteless-group.com\/de\/author\/admin9107\/\"}]}<\/script>\n<!-- \/ Yoast SEO plugin. -->","yoast_head_json":{"title":"\u00d6ko-verantwortungslose Taschen f\u00fcr Ihr Obst und Gem\u00fcse: Was sind die L\u00f6sungen? - Wasteless Group, votre fabricant et fournisseur de produits sur mesure plus \u00e9cologiques","robots":{"index":"index","follow":"follow","max-snippet":"max-snippet:-1","max-image-preview":"max-image-preview:large","max-video-preview":"max-video-preview:-1"},"canonical":"https:\/\/wasteless-group.com\/de\/eco-friendly-bags-for-your-fruits-and-vegetables-what-are-the-solutions\/","og_locale":"de_DE","og_type":"article","og_title":"\u00d6ko-verantwortungslose Taschen f\u00fcr Ihr Obst und Gem\u00fcse: Was sind die L\u00f6sungen? - Wasteless Group, votre fabricant et fournisseur de produits sur mesure plus \u00e9cologiques","og_description":"Ziel: Zero Dispositable Plastic von 2040, ein ehrgeiziges Projekt! Frankreich wird aktiviert, indem ein Plastikprodukt f\u00fcr einzelne Use nach und nach verboten wird. Seit 1\u00e4hm\u00a0Januar 2022 ist es insbesondere das Obst und Gem\u00fcse von weniger als 1,5 kg, das nicht mehr von Einwegkunststoffen \u00fcberholt ist. Es entwickeln sich also andere gr\u00fcnere Alternativen. Lassen Sie uns &hellip; \u00d6ko-verantwortungslose Taschen f\u00fcr Ihr Obst und Gem\u00fcse: Was sind die L\u00f6sungen? Weiterlesen &raquo;","og_url":"https:\/\/wasteless-group.com\/de\/eco-friendly-bags-for-your-fruits-and-vegetables-what-are-the-solutions\/","og_site_name":"Wasteless Group, votre fabricant et fournisseur de produits sur mesure plus \u00e9cologiques","article_published_time":"2022-12-12T10:58:44+00:00","article_modified_time":"2024-02-08T13:21:33+00:00","og_image":[{"url":"https:\/\/wibi-workwear.com\/wp-content\/uploads\/2022\/12\/sachets-legumes-rogne-300x292.png","type":"","width":"","height":""}],"author":"Wasteless Group","twitter_card":"summary_large_image","twitter_misc":{"Verfasst von":"Wasteless Group","Gesch\u00e4tzte Lesezeit":"3 Minuten"},"schema":{"@context":"https:\/\/schema.org","@graph":[{"@type":"Article","@id":"https:\/\/wasteless-group.com\/de\/eco-friendly-bags-for-your-fruits-and-vegetables-what-are-the-solutions\/#article","isPartOf":{"@id":"https:\/\/wasteless-group.com\/de\/eco-friendly-bags-for-your-fruits-and-vegetables-what-are-the-solutions\/"},"author":{"name":"Wasteless Group","@id":"https:\/\/wasteless-group.com\/de\/#\/schema\/person\/d19f7fc6095aa15bb90a63964debcef0"},"headline":"\u00d6ko-verantwortungslose Taschen f\u00fcr Ihr Obst und Gem\u00fcse: Was sind die L\u00f6sungen?","datePublished":"2022-12-12T10:58:44+00:00","dateModified":"2024-02-08T13:21:33+00:00","mainEntityOfPage":{"@id":"https:\/\/wasteless-group.com\/de\/eco-friendly-bags-for-your-fruits-and-vegetables-what-are-the-solutions\/"},"wordCount":413,"publisher":{"@id":"https:\/\/wasteless-group.com\/de\/#organization"},"image":{"@id":"https:\/\/wasteless-group.com\/de\/eco-friendly-bags-for-your-fruits-and-vegetables-what-are-the-solutions\/#primaryimage"},"thumbnailUrl":"https:\/\/wasteless-group.com\/wp-content\/uploads\/2022\/12\/sachets-legumes-rogne-300x292.png","articleSection":["Emballage alimentaire","G\u00e9n\u00e9ral","Unkategorisiert"],"inLanguage":"de-DE"},{"@type":"WebPage","@id":"https:\/\/wasteless-group.com\/de\/eco-friendly-bags-for-your-fruits-and-vegetables-what-are-the-solutions\/","url":"https:\/\/wasteless-group.com\/de\/eco-friendly-bags-for-your-fruits-and-vegetables-what-are-the-solutions\/","name":"\u00d6ko-verantwortungslose Taschen f\u00fcr Ihr Obst und Gem\u00fcse: Was sind die L\u00f6sungen? - Wasteless Group, votre fabricant et fournisseur de produits sur mesure plus \u00e9cologiques","isPartOf":{"@id":"https:\/\/wasteless-group.com\/de\/#website"},"primaryImageOfPage":{"@id":"https:\/\/wasteless-group.com\/de\/eco-friendly-bags-for-your-fruits-and-vegetables-what-are-the-solutions\/#primaryimage"},"image":{"@id":"https:\/\/wasteless-group.com\/de\/eco-friendly-bags-for-your-fruits-and-vegetables-what-are-the-solutions\/#primaryimage"},"thumbnailUrl":"https:\/\/wasteless-group.com\/wp-content\/uploads\/2022\/12\/sachets-legumes-rogne-300x292.png","datePublished":"2022-12-12T10:58:44+00:00","dateModified":"2024-02-08T13:21:33+00:00","breadcrumb":{"@id":"https:\/\/wasteless-group.com\/de\/eco-friendly-bags-for-your-fruits-and-vegetables-what-are-the-solutions\/#breadcrumb"},"inLanguage":"de-DE","potentialAction":[{"@type":"ReadAction","target":["https:\/\/wasteless-group.com\/de\/eco-friendly-bags-for-your-fruits-and-vegetables-what-are-the-solutions\/"]}]},{"@type":"ImageObject","inLanguage":"de-DE","@id":"https:\/\/wasteless-group.com\/de\/eco-friendly-bags-for-your-fruits-and-vegetables-what-are-the-solutions\/#primaryimage","url":"https:\/\/wasteless-group.com\/wp-content\/uploads\/2022\/12\/sachets-legumes-rogne-300x292.png","contentUrl":"https:\/\/wasteless-group.com\/wp-content\/uploads\/2022\/12\/sachets-legumes-rogne-300x292.png"},{"@type":"BreadcrumbList","@id":"https:\/\/wasteless-group.com\/de\/eco-friendly-bags-for-your-fruits-and-vegetables-what-are-the-solutions\/#breadcrumb","itemListElement":[{"@type":"ListItem","position":1,"name":"Accueil","item":"https:\/\/wasteless-group.com\/de\/"},{"@type":"ListItem","position":2,"name":"\u00d6ko-verantwortungslose Taschen f\u00fcr Ihr Obst und Gem\u00fcse: Was sind die L\u00f6sungen?"}]},{"@type":"WebSite","@id":"https:\/\/wasteless-group.com\/de\/#website","url":"https:\/\/wasteless-group.com\/de\/","name":"Wasteless Group","description":"Wasteless Group, votre fabricant et fournisseur de produits sur mesure plus \u00e9cologiques","publisher":{"@id":"https:\/\/wasteless-group.com\/de\/#organization"},"potentialAction":[{"@type":"SearchAction","target":{"@type":"EntryPoint","urlTemplate":"https:\/\/wasteless-group.com\/de\/?s={search_term_string}"},"query-input":{"@type":"PropertyValueSpecification","valueRequired":true,"valueName":"search_term_string"}}],"inLanguage":"de-DE"},{"@type":"Organization","@id":"https:\/\/wasteless-group.com\/de\/#organization","name":"Wasteless Group","url":"https:\/\/wasteless-group.com\/de\/","logo":{"@type":"ImageObject","inLanguage":"de-DE","@id":"https:\/\/wasteless-group.com\/de\/#\/schema\/logo\/image\/","url":"https:\/\/wasteless-group.com\/wp-content\/uploads\/2023\/07\/Logo-WG-Vert.png","contentUrl":"https:\/\/wasteless-group.com\/wp-content\/uploads\/2023\/07\/Logo-WG-Vert.png","width":400,"height":138,"caption":"Wasteless Group"},"image":{"@id":"https:\/\/wasteless-group.com\/de\/#\/schema\/logo\/image\/"},"sameAs":["https:\/\/www.linkedin.com\/company\/wasteless-group\/"]},{"@type":"Person","@id":"https:\/\/wasteless-group.com\/de\/#\/schema\/person\/d19f7fc6095aa15bb90a63964debcef0","name":"Wasteless Group","url":"https:\/\/wasteless-group.com\/de\/author\/admin9107\/"}]}},"_links":{"self":[{"href":"https:\/\/wasteless-group.com\/de\/wp-json\/wp\/v2\/posts\/5084","targetHints":{"allow":["GET"]}}],"collection":[{"href":"https:\/\/wasteless-group.com\/de\/wp-json\/wp\/v2\/posts"}],"about":[{"href":"https:\/\/wasteless-group.com\/de\/wp-json\/wp\/v2\/types\/post"}],"author":[{"embeddable":true,"href":"https:\/\/wasteless-group.com\/de\/wp-json\/wp\/v2\/users\/1"}],"replies":[{"embeddable":true,"href":"https:\/\/wasteless-group.com\/de\/wp-json\/wp\/v2\/comments?post=5084"}],"version-history":[{"count":0,"href":"https:\/\/wasteless-group.com\/de\/wp-json\/wp\/v2\/posts\/5084\/revisions"}],"wp:attachment":[{"href":"https:\/\/wasteless-group.com\/de\/wp-json\/wp\/v2\/media?parent=5084"}],"wp:term":[{"taxonomy":"category","embeddable":true,"href":"https:\/\/wasteless-group.com\/de\/wp-json\/wp\/v2\/categories?post=5084"},{"taxonomy":"post_tag","embeddable":true,"href":"https:\/\/wasteless-group.com\/de\/wp-json\/wp\/v2\/tags?post=5084"}],"curies":[{"name":"wp","href":"https:\/\/api.w.org\/{rel}","templated":true}]}}